{"id":5502,"date":"2010-09-03T13:43:22","date_gmt":"2010-09-03T13:43:22","guid":{"rendered":"http:\/\/corbeilessonnes.unblog.fr\/2010\/09\/03\/des-elus-de-corbeil-essonnes-mobilises-pour-la-manifestation-de-defense-des-libertes\/"},"modified":"2014-09-29T17:37:40","modified_gmt":"2014-09-29T16:37:40","slug":"des-elus-de-corbeil-essonnes-mobilises-pour-la-manifestation-de-defense-des-libertes","status":"publish","type":"post","link":"https:\/\/blog-corbeil-essonnes.fr\/WordPress3\/2010\/09\/03\/des-elus-de-corbeil-essonnes-mobilises-pour-la-manifestation-de-defense-des-libertes\/","title":{"rendered":"Des \u00e9lus de Corbeil-Essonnes Mobilis\u00e9s pour la manifestation de d\u00e9fense des libert\u00e9s"},"content":{"rendered":"<p style=\"text-align: center;\">\n<p style=\"text-align: center;\">Relayant l&rsquo;appel de la ligue des droits de l&rsquo;homme \u00a0des \u00e9lus de Corbeil-Essonnes appellent \u00e0 se joindre \u00e0 la manifestation de demain pour d\u00e9fendre les libert\u00e9s.<\/p>\n<h2 style=\"text-align: center;\">SAMEDI 4 SEPTEMBRE 14 PLACE DE LA REPUBLIQUE<\/h2>\n<p style=\"text-align: center;\"><strong>DEPART COLLECTIF DU THE\u00c2TRE DE CORBEIL-ESSONNES A 13H.<\/strong><\/p>\n<p style=\"text-align: justify;\"><strong>Nous, Carlos DA SILVA, Carla DUGAULT, Hatouma DOUCOURE, Patrick FOURNIER, Marie-Agn\u00e8s LABARRE Nicole MERESSE, Alain MIGLOS, Melba NGALOUO-BOCQUET, Michel NOUAILLE, Jacques PICARD, Bruno PIRIOU, Pascale PRIGENT et Martine SOAVI, \u00e9lus-es de Corbeil-Essonnes, sommes d\u00e9termin\u00e9s-\u00e9es \u00e0 d\u00e9fendre les principes R\u00e9publicains, particuli\u00e8rement bafou\u00e9s \u00e0 Corbeil-Essonnes. Nous faisons n\u00f4tre l\u2019appel de la Ligue des Droits de l\u2019Homme sign\u00e9 par des dizaines d\u2019organisations, et appelons \u00e0 manifester \u00e0 Paris, ce samedi 4 septembre.<\/strong><br \/>\n<strong>L\u2019Appel de la Ligue des Droits de l\u2019Homme<\/strong><\/p>\n<p style=\"text-align: justify;\">Les plus hautes autorit\u00e9s de l\u2019Etat ont fait le choix de jeter \u00e0 la vindicte publique des cat\u00e9gories enti\u00e8res de population : Roms et Gens du voyage accus\u00e9s comme les \u00e9trangers d\u2019\u00eatre des fauteurs de troubles, Fran\u00e7ais d\u2019origine \u00e9trang\u00e8re sur lesquels p\u00e8serait la menace d\u2019\u00eatre d\u00e9chus de leur nationalit\u00e9, parents d\u2019enfants d\u00e9linquants, etc.<br \/>\nVoici que le pr\u00e9sident de la R\u00e9publique accr\u00e9dite aussi les vieux mensonges d\u2019une immigration co\u00fbteuse et assimil\u00e9e \u00e0 la d\u00e9linquance, et offre ainsi \u00e0 la stigmatisation des millions de personnes en raison de leur origine ou de leur situation sociale.<br \/>\nCe qui est \u00e0 l\u2019\u0153uvre dans cette d\u00e9marche ne s\u2019inscrit pas dans le d\u00e9bat l\u00e9gitime, dans une d\u00e9mocratie, sur la mani\u00e8re d\u2019assurer la s\u00fbret\u00e9 r\u00e9publicaine. Le n\u00e9cessaire respect de l\u2019ordre public n\u2019a pas \u00e0 \u00eatre utilis\u00e9 pour cr\u00e9er des distinctions entre les habitants de ce pays et d\u00e9signer des boucs \u00e9missaires, ni pour instituer des peines de prison automatiques, contraires aux principes fondamentaux du droit p\u00e9nal, \u00e0 l\u2019ind\u00e9pendance de la justice et \u00e0 l\u2019individualisation des peines.<br \/>\nLa Constitution de la France, R\u00e9publique la\u00efque, d\u00e9mocratique et sociale, assure \u00ab l\u2019\u00e9galit\u00e9 devant la loi de tous les citoyens sans distinction d\u2019origine, de race ou de religion \u00bb.<br \/>\nNul, pas plus les \u00e9lus de la nation que quiconque, n\u2019a le droit de fouler au pied la Constitution et les principes les plus fondamentaux de la R\u00e9publique. Notre conscience nous interdit de nous taire et de laisser faire ce qui conduit \u00e0 mettre en p\u00e9ril la paix civile.<br \/>\nNous appelons \u00e0 une manifestation le samedi 4 septembre 2010, place de la R\u00e9publique \u00e0 Paris, \u00e0 14h00, et partout en France, afin de f\u00eater le 140\u00e8me anniversaire d\u2019une R\u00e9publique que nous voulons plus que jamais, libre, \u00e9gale et fraternelle.<\/p>\n<p style=\"text-align: justify;\">Signataires : AC ! Agir ensemble contre le ch\u00f4mage, Les Alternatifs, Les amoureux au banc public, Association de d\u00e9fense des droits de l\u2019Homme au Maroc (ASDHOM), Association France Palestine Solidarit\u00e9 (AFPS), Association des Marocains en France (AMF), Association nationale des Gens du voyage catholiques (ANGVC), Association r\u00e9publicaine des anciens combattants (ARAC), ATTAC, Autremonde, Cedetim, Conf\u00e9d\u00e9ration fran\u00e7aise d\u00e9mocratique du travail (CFDT), Conf\u00e9d\u00e9ration g\u00e9n\u00e9rale du travail (CGT), La Conf\u00e9d\u00e9ration Paysanne, La Cimade, Le Cran, Droit au logement (DAL), Emma\u00fcs France, Europe Ecologie, F\u00e9d\u00e9ration pour une alternative sociale et \u00e9cologique (Fase), F\u00e9d\u00e9ration des associations de solidarit\u00e9 avec les travailleurs immigr\u00e9s (FASTI), F\u00e9d\u00e9ration nationale des associations d\u2019accueil et de r\u00e9insertion sociale (FNARS), F\u00e9d\u00e9ration SUD Education, F\u00e9d\u00e9ration syndicale unitaire (FSU), F\u00e9d\u00e9ration des Tunisiens pour une citoyennet\u00e9 des deux rives (FTCR), FNASAT-Gens du voyage, Fondation Copernic, France Terre d\u2019Asile, Gauche unitaire, Groupe d\u2019information et de soutien des immigr\u00e9s (GISTI), Les Jeunes Verts, Ligue des droits de l\u2019Homme (LDH), Ligue de l\u2019enseignement, Marches europ\u00e9ennes, M\u00e9decins du Monde, Le Mouvement de la Paix, Mouvement contre le racisme et pour l\u2019amiti\u00e9 entre les peuples (MRAP), le Nouveau Parti anticapitaliste (NPA), le Parti communiste fran\u00e7ais (PCF), le Parti de Gauche, le Parti socialiste (PS)\u2026\u2026\u2026\u2026\u2026\u2026\u2026\u2026\u2026\u2026\u2026\u2026\u2026.<\/p>\n<h2 class=\"post-title\"><span style=\"font-size: small;\">\u00a0<\/span><\/h2>\n<p>&nbsp;<\/p>\n","protected":false},"excerpt":{"rendered":"<p>Relayant l&rsquo;appel de la ligue des droits de l&rsquo;homme \u00a0des \u00e9lus de Corbeil-Essonnes appellent \u00e0 se joindre \u00e0 la manifestation de demain pour d\u00e9fendre les &hellip; <\/p>\n","protected":false},"author":2,"featured_media":0,"comment_status":"open","ping_status":"open","sticky":false,"template":"","format":"standard","meta":{"jetpack_post_was_ever_published":false,"jetpack_publicize_message":"","jetpack_is_tweetstorm":false,"jetpack_publicize_feature_enabled":true,"jetpack_social_post_already_shared":false,"jetpack_social_options":{"image_generator_settings":{"template":"highway","enabled":false}}},"categories":[4311,1],"tags":[4465,4469,4765,4460],"jetpack_publicize_connections":[],"jetpack_featured_media_url":"","jetpack_sharing_enabled":true,"_links":{"self":[{"href":"https:\/\/blog-corbeil-essonnes.fr\/WordPress3\/wp-json\/wp\/v2\/posts\/5502"}],"collection":[{"href":"https:\/\/blog-corbeil-essonnes.fr\/WordPress3\/wp-json\/wp\/v2\/posts"}],"about":[{"href":"https:\/\/blog-corbeil-essonnes.fr\/WordPress3\/wp-json\/wp\/v2\/types\/post"}],"author":[{"embeddable":true,"href":"https:\/\/blog-corbeil-essonnes.fr\/WordPress3\/wp-json\/wp\/v2\/users\/2"}],"replies":[{"embeddable":true,"href":"https:\/\/blog-corbeil-essonnes.fr\/WordPress3\/wp-json\/wp\/v2\/comments?post=5502"}],"version-history":[{"count":0,"href":"https:\/\/blog-corbeil-essonnes.fr\/WordPress3\/wp-json\/wp\/v2\/posts\/5502\/revisions"}],"wp:attachment":[{"href":"https:\/\/blog-corbeil-essonnes.fr\/WordPress3\/wp-json\/wp\/v2\/media?parent=5502"}],"wp:term":[{"taxonomy":"category","embeddable":true,"href":"https:\/\/blog-corbeil-essonnes.fr\/WordPress3\/wp-json\/wp\/v2\/categories?post=5502"},{"taxonomy":"post_tag","embeddable":true,"href":"https:\/\/blog-corbeil-essonnes.fr\/WordPress3\/wp-json\/wp\/v2\/tags?post=5502"}],"curies":[{"name":"wp","href":"https:\/\/api.w.org\/{rel}","templated":true}]}}