{"id":5606,"date":"2010-10-18T07:55:57","date_gmt":"2010-10-18T07:55:57","guid":{"rendered":"http:\/\/corbeilessonnes.unblog.fr\/2010\/10\/18\/pour-corbeil-essonnes-vite-la-revolution-citoyenne\/"},"modified":"2014-09-29T17:30:21","modified_gmt":"2014-09-29T16:30:21","slug":"pour-corbeil-essonnes-vite-la-revolution-citoyenne","status":"publish","type":"post","link":"https:\/\/blog-corbeil-essonnes.fr\/WordPress3\/2010\/10\/18\/pour-corbeil-essonnes-vite-la-revolution-citoyenne\/","title":{"rendered":"Pour Corbeil-Essonnes \u201cvite la r\u00e9volution citoyenne\u201d"},"content":{"rendered":"<p class=\"MsoNormal\"><span style=\"font-family: arial, helvetica, sans-serif;\">Voici ma contribution au premier journal de campagne de la liste d&rsquo;union de la gauche pour les \u00e9lections municipales partielles de Corbeil-Essonnes \u00a0\u201cCorbeil-Essonnes ensemble\u201d<\/span><\/p>\n<p class=\"MsoNormal\"><span style=\"font-family: arial, helvetica, sans-serif;\">Pour les \u00e9lus, il ne s\u2019agit pas seulement de g\u00e9rer le quotidien mais, avec les citoyens, de changer la donne. Il faut faire \u00a0la preuve par l\u2019exemple qu\u2019une politique de rupture est possible. Nous sommes tous porteurs d\u2019id\u00e9es, \u00e0 nous de les traduire \u00a0en actes de transformation sociale.<br \/>\nLa r\u00e9forme des collectivit\u00e9s territoriales si elle est appliqu\u00e9e en l\u2019\u00e9tat va gravement p\u00e9naliser ces derni\u00e8res, il sera alors impossible \u00a0pour les communes de cumuler des subventions venant des deux autres collectivit\u00e9s que sont le d\u00e9partement et la r\u00e9gion. Face \u00e0 cet affaiblissement des communes voulu par le gouvernement des amis UMP de Jean-Pierre Bechter, il faudra faire preuve de r\u00e9sistance et de cr\u00e9ativit\u00e9. \u00a0Nous nous engageons \u00e0 d\u00e9fendre la gestion de proximit\u00e9.<br \/>\n<!--more-->Le gouvernement de Monsieur Sarkozy soutenu par Serge Dassault et Jean-Pierre Bechter \u00e0 Corbeil-Essonnes veut \u00a0aujourd\u2019hui nous condamner \u00e0 travailler de plus en plus vieux. Prolonger le temps de travail n\u2019est pas la solution, Il serait plus r\u00e9aliste de permettre \u00e0 tous d\u2019avoir un emploi et de cotiser ainsi pour les retraites. Par les actions des \u00a0\u00e9lus et l\u2019implication de tous \u00e0 partir du terrain sur lequel nous sommes investis, mettons en oeuvre des pratiques permettant, demain, de changer la vie dans notre ville. Les militants du parti de gauche s\u2019impliqueront pleinement \u00a0dans l\u2019union de la gauche pour relever ces d\u00e9fis.<\/span><\/p>\n<p>&nbsp;<\/p>\n","protected":false},"excerpt":{"rendered":"<p>Voici ma contribution au premier journal de campagne de la liste d&rsquo;union de la gauche pour les \u00e9lections municipales partielles de Corbeil-Essonnes \u00a0\u201cCorbeil-Essonnes ensemble\u201d Pour &hellip; <\/p>\n","protected":false},"author":2,"featured_media":0,"comment_status":"open","ping_status":"open","sticky":false,"template":"","format":"standard","meta":{"jetpack_post_was_ever_published":false,"jetpack_publicize_message":"","jetpack_is_tweetstorm":false,"jetpack_publicize_feature_enabled":true,"jetpack_social_post_already_shared":false,"jetpack_social_options":{"image_generator_settings":{"template":"highway","enabled":false}}},"categories":[4311,4327,1,4347],"tags":[4464,4757,4761,4430,4362],"jetpack_publicize_connections":[],"jetpack_featured_media_url":"","jetpack_sharing_enabled":true,"_links":{"self":[{"href":"https:\/\/blog-corbeil-essonnes.fr\/WordPress3\/wp-json\/wp\/v2\/posts\/5606"}],"collection":[{"href":"https:\/\/blog-corbeil-essonnes.fr\/WordPress3\/wp-json\/wp\/v2\/posts"}],"about":[{"href":"https:\/\/blog-corbeil-essonnes.fr\/WordPress3\/wp-json\/wp\/v2\/types\/post"}],"author":[{"embeddable":true,"href":"https:\/\/blog-corbeil-essonnes.fr\/WordPress3\/wp-json\/wp\/v2\/users\/2"}],"replies":[{"embeddable":true,"href":"https:\/\/blog-corbeil-essonnes.fr\/WordPress3\/wp-json\/wp\/v2\/comments?post=5606"}],"version-history":[{"count":0,"href":"https:\/\/blog-corbeil-essonnes.fr\/WordPress3\/wp-json\/wp\/v2\/posts\/5606\/revisions"}],"wp:attachment":[{"href":"https:\/\/blog-corbeil-essonnes.fr\/WordPress3\/wp-json\/wp\/v2\/media?parent=5606"}],"wp:term":[{"taxonomy":"category","embeddable":true,"href":"https:\/\/blog-corbeil-essonnes.fr\/WordPress3\/wp-json\/wp\/v2\/categories?post=5606"},{"taxonomy":"post_tag","embeddable":true,"href":"https:\/\/blog-corbeil-essonnes.fr\/WordPress3\/wp-json\/wp\/v2\/tags?post=5606"}],"curies":[{"name":"wp","href":"https:\/\/api.w.org\/{rel}","templated":true}]}}