{"id":5608,"date":"2010-10-20T14:00:45","date_gmt":"2010-10-20T14:00:45","guid":{"rendered":"http:\/\/corbeilessonnes.unblog.fr\/2010\/10\/20\/parite-a-lagglomeration-les-elections-doivent-ameliorer-la-situation\/"},"modified":"2014-09-29T17:29:15","modified_gmt":"2014-09-29T16:29:15","slug":"parite-a-lagglomeration-les-elections-doivent-ameliorer-la-situation","status":"publish","type":"post","link":"https:\/\/blog-corbeil-essonnes.fr\/WordPress3\/2010\/10\/20\/parite-a-lagglomeration-les-elections-doivent-ameliorer-la-situation\/","title":{"rendered":"Parit\u00e9 \u00e0 l\u2019agglom\u00e9ration les \u00e9lections doivent am\u00e9liorer la situation !"},"content":{"rendered":"<p style=\"text-align: justify;\">De nouvelles \u00e9lections municipales vont avoir lieu \u00e0 Corbeil-Essonnes, et ce sera, je l&rsquo;esp\u00e8re, l&rsquo;occasion d&rsquo;am\u00e9liorer la place des femmes au conseil d&rsquo;agglom\u00e9ration Seine Essonne.<\/p>\n<p style=\"text-align: justify;\">Pour rappel : avant l&rsquo;annulation, sur 48 \u00e9lus\u00a0 19 \u00e9taient des femmes, donc 29 \u00e9taient des hommes. Quant au bureau, sur 14 \u00e9lus, une seule femme.\u00a0Sur ces chiffres nous pouvions remarquer que Corbeil-Essonnes qui occupe 12 si\u00e8ges, dont 6 membres du bureau ( pr\u00e9sidence, vice-pr\u00e9sidence) \u00e9tait la plus mauvaise \u00e9l\u00e8ve.<\/p>\n<p style=\"text-align: justify;\"><a id=\"more-1461\"><\/a>En effet, sur 12 \u00e9lus Corbeil-Essonnes comptait 9 hommes pour 3 femmes. Il \u00e9tait difficile de faire pire. C&rsquo;est pourquoi il est permis d&rsquo;esp\u00e9rer une am\u00e9lioration de cette situation avec cette \u00e9lection.<\/p>\n<p style=\"text-align: justify;\">Personnellement\u00a0c&rsquo;est un combat que je porterais aupr\u00e8s de mes camarades de gauche si nous sortons vainqueur du suffrage universel.<\/p>\n<p>&nbsp;<\/p>\n","protected":false},"excerpt":{"rendered":"<p>De nouvelles \u00e9lections municipales vont avoir lieu \u00e0 Corbeil-Essonnes, et ce sera, je l&rsquo;esp\u00e8re, l&rsquo;occasion d&rsquo;am\u00e9liorer la place des femmes au conseil d&rsquo;agglom\u00e9ration Seine Essonne. &hellip; <\/p>\n","protected":false},"author":2,"featured_media":0,"comment_status":"open","ping_status":"open","sticky":false,"template":"","format":"standard","meta":{"jetpack_post_was_ever_published":false,"jetpack_publicize_message":"","jetpack_is_tweetstorm":false,"jetpack_publicize_feature_enabled":true,"jetpack_social_post_already_shared":false,"jetpack_social_options":{"image_generator_settings":{"template":"highway","enabled":false}}},"categories":[4351],"tags":[4466,4467,4428],"jetpack_publicize_connections":[],"jetpack_featured_media_url":"","jetpack_sharing_enabled":true,"_links":{"self":[{"href":"https:\/\/blog-corbeil-essonnes.fr\/WordPress3\/wp-json\/wp\/v2\/posts\/5608"}],"collection":[{"href":"https:\/\/blog-corbeil-essonnes.fr\/WordPress3\/wp-json\/wp\/v2\/posts"}],"about":[{"href":"https:\/\/blog-corbeil-essonnes.fr\/WordPress3\/wp-json\/wp\/v2\/types\/post"}],"author":[{"embeddable":true,"href":"https:\/\/blog-corbeil-essonnes.fr\/WordPress3\/wp-json\/wp\/v2\/users\/2"}],"replies":[{"embeddable":true,"href":"https:\/\/blog-corbeil-essonnes.fr\/WordPress3\/wp-json\/wp\/v2\/comments?post=5608"}],"version-history":[{"count":0,"href":"https:\/\/blog-corbeil-essonnes.fr\/WordPress3\/wp-json\/wp\/v2\/posts\/5608\/revisions"}],"wp:attachment":[{"href":"https:\/\/blog-corbeil-essonnes.fr\/WordPress3\/wp-json\/wp\/v2\/media?parent=5608"}],"wp:term":[{"taxonomy":"category","embeddable":true,"href":"https:\/\/blog-corbeil-essonnes.fr\/WordPress3\/wp-json\/wp\/v2\/categories?post=5608"},{"taxonomy":"post_tag","embeddable":true,"href":"https:\/\/blog-corbeil-essonnes.fr\/WordPress3\/wp-json\/wp\/v2\/tags?post=5608"}],"curies":[{"name":"wp","href":"https:\/\/api.w.org\/{rel}","templated":true}]}}