{"id":5633,"date":"2010-12-03T22:30:55","date_gmt":"2010-12-03T22:30:55","guid":{"rendered":"http:\/\/corbeilessonnes.unblog.fr\/2010\/12\/03\/journal-de-campagne-6-dernier-moment-avant-le-1er-tour\/"},"modified":"2014-09-29T17:04:02","modified_gmt":"2014-09-29T16:04:02","slug":"journal-de-campagne-6-dernier-moment-avant-le-1er-tour","status":"publish","type":"post","link":"https:\/\/blog-corbeil-essonnes.fr\/WordPress3\/2010\/12\/03\/journal-de-campagne-6-dernier-moment-avant-le-1er-tour\/","title":{"rendered":"Journal de Campagne 6 : Dernier moment avant le 1er tour"},"content":{"rendered":"<p style=\"text-align: justify;\">Dimanche prochain c&rsquo;est jour de vote \u00e0 Corbeil-Essonnes , la campagne se termine et les \u00e9motions de la soir\u00e9e festive de mercredi soir reste dans ma m\u00e9moire. Voir toutes ces personnes discuter, sourire , tout ces visages connus ou inconnus venus soutenir la liste d&rsquo;union de la gauche \u201cCorbeil-Essonnes ensemble\u201d r\u00e9chauffe un peu en ce mois de d\u00e9cembre plut\u00f4t frais.<\/p>\n<p style=\"text-align: justify;\">Une \u00a0soir\u00e9e ou les interventions se sont succ\u00e9d\u00e9es et ou nous avons pu d\u00e9battre ensemble, cela fait du bien de retrouver certains camarades qui pour des raisons douloureuses n&rsquo;ont pu s&rsquo;investir dans la campagne ces derniers jours. Je veux leur renouveler ici tout mon soutien.a semaine qui vient de s&rsquo;\u00e9couler si elle \u00e0 \u00e9t\u00e9 marqu\u00e9e par cette soir\u00e9e n&rsquo;a pas emp\u00each\u00e9 les miltants de continue leur travail de fourmis pour convaincre les ind\u00e9cis et mobiliser les possibles abstentionnistes.<!--more--><\/p>\n<p style=\"text-align: justify;\">\nCette campagne est dense et je ne peux actuellement m&rsquo;adonner \u00e0 un de mes loisirs favoris, la photographie . C&rsquo;est pourquoi j&rsquo;ai emprunt\u00e9 ces photos \u00e0 un militant, merci \u00e0 Sylvain Renard de ce travail pour le groupe. Comme vous le constatez nous militons en \u00e9quipe et en cette fin de campagne c&rsquo;est justement \u00e0 tous les militants que je m&rsquo;adresse, vous \u00eates tous supers, courageux et volontaires, c&rsquo;est tous ensemble que tout peut changer.<br \/>\nAlors, pour finir je voudrais m&rsquo;adresser \u00e0 tous pour le dire et le redire Dimanche pas une voix ne doit manquer, attention, il n&rsquo;est pas certain qu&rsquo;il y ait un deuxi\u00e8me tour \u00a0car il n&rsquo;y a que 3 listes. Alors tous aux urnes, car c&rsquo;est par le vote que ce fait la \u201cr\u00e9volution citoyenne\u201d<\/p>\n<p>&nbsp;<\/p>\n<p>&nbsp;<\/p>\n<div>\n<p style=\"text-align: center;\"><span style=\"color: #cc0033; font-size: large;\"><strong>Pour un changement \u00e0 <\/strong><\/span><span style=\"color: #cc0033; font-size: large;\"><strong>Corbeil-Essonnes<\/strong><\/span><\/p>\n<p style=\"text-align: center;\"><span style=\"color: #cc0033; font-size: large;\"><strong>Dimanche 5 <\/strong><\/span><span style=\"color: #cc0033;\"><strong><span style=\"font-size: large;\">d\u00e9cembre<\/span><\/strong><\/span><\/p>\n<p style=\"text-align: center;\"><span style=\"color: #cc0033; font-size: large;\"><strong>voter \u201cCorbeil-Essonnes Ensemble\u201d<\/strong><\/span><\/p>\n<p style=\"text-align: center;\"><span style=\"color: #cc0033; font-size: large;\"><strong>voter <\/strong><\/span><span style=\"color: #cc0033;\"><strong><span style=\"font-size: large;\">pour<\/span><\/strong><\/span><\/p>\n<p style=\"text-align: center;\"><span style=\"color: #cc0033; font-size: large;\"><strong>Bruno Piriou et ses 42 colistiers.<\/strong><\/span><\/p>\n<div style=\"text-align: center;\"><span style=\"color: #cc0033; font-size: large;\"><strong><br \/>\n<\/strong><\/span><\/div>\n<p>&nbsp;<\/p>\n<\/div>\n<p>&nbsp;<\/p>\n","protected":false},"excerpt":{"rendered":"<p>Dimanche prochain c&rsquo;est jour de vote \u00e0 Corbeil-Essonnes , la campagne se termine et les \u00e9motions de la soir\u00e9e festive de mercredi soir reste dans &hellip; <\/p>\n","protected":false},"author":2,"featured_media":0,"comment_status":"open","ping_status":"open","sticky":false,"template":"","format":"standard","meta":{"jetpack_post_was_ever_published":false,"jetpack_publicize_message":"","jetpack_is_tweetstorm":false,"jetpack_publicize_feature_enabled":true,"jetpack_social_post_already_shared":false,"jetpack_social_options":{"image_generator_settings":{"template":"highway","enabled":false}}},"categories":[4311,4327],"tags":[4447,4757,4434],"jetpack_publicize_connections":[],"jetpack_featured_media_url":"","jetpack_sharing_enabled":true,"_links":{"self":[{"href":"https:\/\/blog-corbeil-essonnes.fr\/WordPress3\/wp-json\/wp\/v2\/posts\/5633"}],"collection":[{"href":"https:\/\/blog-corbeil-essonnes.fr\/WordPress3\/wp-json\/wp\/v2\/posts"}],"about":[{"href":"https:\/\/blog-corbeil-essonnes.fr\/WordPress3\/wp-json\/wp\/v2\/types\/post"}],"author":[{"embeddable":true,"href":"https:\/\/blog-corbeil-essonnes.fr\/WordPress3\/wp-json\/wp\/v2\/users\/2"}],"replies":[{"embeddable":true,"href":"https:\/\/blog-corbeil-essonnes.fr\/WordPress3\/wp-json\/wp\/v2\/comments?post=5633"}],"version-history":[{"count":0,"href":"https:\/\/blog-corbeil-essonnes.fr\/WordPress3\/wp-json\/wp\/v2\/posts\/5633\/revisions"}],"wp:attachment":[{"href":"https:\/\/blog-corbeil-essonnes.fr\/WordPress3\/wp-json\/wp\/v2\/media?parent=5633"}],"wp:term":[{"taxonomy":"category","embeddable":true,"href":"https:\/\/blog-corbeil-essonnes.fr\/WordPress3\/wp-json\/wp\/v2\/categories?post=5633"},{"taxonomy":"post_tag","embeddable":true,"href":"https:\/\/blog-corbeil-essonnes.fr\/WordPress3\/wp-json\/wp\/v2\/tags?post=5633"}],"curies":[{"name":"wp","href":"https:\/\/api.w.org\/{rel}","templated":true}]}}