{"id":5655,"date":"2010-12-17T14:05:18","date_gmt":"2010-12-17T14:05:18","guid":{"rendered":"http:\/\/corbeilessonnes.unblog.fr\/2010\/12\/17\/lecons-des-elections-partielles-du-12-decembre-en-idf\/"},"modified":"2014-09-28T21:37:12","modified_gmt":"2014-09-28T20:37:12","slug":"lecons-des-elections-partielles-du-12-decembre-en-idf","status":"publish","type":"post","link":"https:\/\/blog-corbeil-essonnes.fr\/WordPress3\/2010\/12\/17\/lecons-des-elections-partielles-du-12-decembre-en-idf\/","title":{"rendered":"Le\u00e7ons des \u00e9lections partielles du 12 d\u00e9cembre en IDF"},"content":{"rendered":"<p><span style=\"color: #000000; font-size: medium;\">Edito de\u00a0<a href=\"http:\/\/www.francoisdelapierre.fr\/\">Fran\u00e7ois Delapierre<\/a> <a href=\"http:\/\/www.lepartidegauche.fr\/\">site du parti de gauche<\/a><\/span><\/p>\n<div>\n<p><span style=\"color: #000000; font-size: medium;\"><strong><span style=\"text-decoration: underline;\">Chamboul\u2019tout<\/span><\/strong><\/span><\/p>\n<p>Les \u00e9lections partielles sont souvent porteuses de le\u00e7ons g\u00e9n\u00e9rales. Celles du week-end \u00e9coul\u00e9 n&rsquo;y font pas exception. Elles constituent un tr\u00e8s s\u00e9v\u00e8re avertissement pour la gauche. Sur le papier, \u00e0 Noisy-le-Sec comme \u00e0 Corbeil-Essonnes, nous devions l&#8217;emporter. Dans ces deux villes populaires de banlieue la moiti\u00e9 des m\u00e9nages sont non imposables. S\u00e8chement battue au plan national, S\u00e9gol\u00e8ne Royal y arrivait en t\u00eate au deuxi\u00e8me tour de 2007 avec 58 et 56% des voix. Longtemps divis\u00e9es les forces de gauche locales s&rsquo;\u00e9taient finalement rassembl\u00e9es. Mais dans les urnes les additions attendues se sont mu\u00e9es en soustractions. Dans ces deux villes la gauche est battue avec un m\u00eame \u00e9cart de 10 points. Les vieux ressorts n&rsquo;ont pas jou\u00e9. La strat\u00e9gie d&rsquo;union m\u00e9canique et a minima a produit la d\u00e9faite.<\/p>\n<p><!--more-->Certes \u00e0 Noisy-le-Sec, l&rsquo;union s&rsquo;est faite dans des conditions d\u00e9sastreuses. A peine la liste \u00ab rouge et verte \u00bb du Front de Gauche et des Verts arriv\u00e9e au terme d&rsquo;une belle dynamique en t\u00eate au premier tour, devan\u00e7ant de tr\u00e8s loin la maire sortante PS, celle-ci d\u00e9cidait de se maintenir. Il aura fallu qu&rsquo;un \u00e0 un ses colistiers se retirent pour contraindre la socialiste \u00e0 respecter la discipline r\u00e9publicaine en fusionnant avec la liste de gauche arriv\u00e9e en t\u00eate. Sa responsabilit\u00e9 dans la d\u00e9faite est \u00e9crasante. Alors que la participation augmente de 700 voix par rapport au premier tour, la gauche en perd 100 !<\/p>\n<p>A Corbeil-Essonnes en revanche, o\u00f9 sa division est une constante des \u00e9lections municipales depuis 15 ans, la gauche \u00e9tait rassembl\u00e9e d\u00e8s le premier tour. Pourtant le recul est tout aussi net. La droite progresse tr\u00e8s l\u00e9g\u00e8rement en voix par rapport \u00e0 l&rsquo;\u00e9lection invalid\u00e9e de 2009. Dans le m\u00eame temps, la gauche en perd 1100 au premier tour et 600 au deuxi\u00e8me ! En 2009, la droite n&rsquo;avait gagn\u00e9 que de 27 voix face \u00e0 une gauche p\u00e9niblement fusionn\u00e9e entre les deux tours. En 2010, elle distance de plus de 700 voix une gauche rassembl\u00e9e de longue main.<\/p>\n<p>Une strat\u00e9gie vient de sombrer dans les urnes. Fond\u00e9e sur l&rsquo;id\u00e9e que l&rsquo;on peut former une majorit\u00e9 \u00e0 gauche en additionnant des cheptels \u00e9lectoraux, elle consiste \u00e0 juxtaposer les soutiens toujours plus divers autour d&rsquo;un contenu politique toujours plus minimal. Le rejet de la droite en constitue l&rsquo;unique ciment. Or le peuple de gauche ne se pr\u00e9sente plus en tribus sociologiquement distinctes et politiquement constitu\u00e9es qui pourraient se rassembler \u00e0 l&rsquo;appel de leurs chefs. Les forces de gauche ont vu se d\u00e9sagr\u00e9ger les liens qui les unissaient aux profondeurs sociales du pays. Elles ne tiennent plus que par la peinture. Un gouffre s\u00e9pare le pays r\u00e9el du paysage politique cens\u00e9 le d\u00e9crire. On peut \u00eatre incontournable dans les sondages et ind\u00e9tectable sur le terrain. D\u00e8s lors la constitution d&rsquo;une majorit\u00e9 politique impose de reconstruire la conscience d&rsquo;int\u00e9r\u00eats communs. Qu&rsquo;est-ce que le peuple ? Quel programme le rassemble ? Le filet d&rsquo;eau ti\u00e8de des rassemblements a minima n&rsquo;y r\u00e9pond pas. Pas davantage h\u00e9las la campagne \u00e0 Corbeil, entre l&rsquo;affichage \u00e9crasant de Huchon et Valls, alors que le Front de Gauche \u00e9tait en t\u00eate en 2009, les appels du pied au Modem, et la promesse pour tout horizon dans une ville ravag\u00e9e par le ch\u00f4mage que la fin du \u00ab syst\u00e8me Dassault \u00bb permettrait le retour \u00e0 une \u00ab vie normale \u00bb. La gauche-rassembl\u00e9e-avec-les-d\u00e9mocrates proposait seulement d&rsquo;envoyer un homme au tapis. D&rsquo;un seul coup de chamboul&rsquo;tout, ce sont tous les importants de la gauche locale qui se retrouvent par terre.<\/p>\n<\/div>\n<p><span style=\"color: #000000; font-size: medium;\"><br \/>\n<\/span><\/p>\n","protected":false},"excerpt":{"rendered":"<p>Edito de\u00a0Fran\u00e7ois Delapierre site du parti de gauche Chamboul\u2019tout Les \u00e9lections partielles sont souvent porteuses de le\u00e7ons g\u00e9n\u00e9rales. Celles du week-end \u00e9coul\u00e9 n&rsquo;y font pas &hellip; <\/p>\n","protected":false},"author":2,"featured_media":0,"comment_status":"open","ping_status":"open","sticky":false,"template":"","format":"standard","meta":{"jetpack_post_was_ever_published":false,"jetpack_publicize_message":"","jetpack_is_tweetstorm":false,"jetpack_publicize_feature_enabled":true,"jetpack_social_post_already_shared":false,"jetpack_social_options":{"image_generator_settings":{"template":"highway","enabled":false}}},"categories":[4311,4312,4345],"tags":[4432,4757,4764,4761],"jetpack_publicize_connections":[],"jetpack_featured_media_url":"","jetpack_sharing_enabled":true,"_links":{"self":[{"href":"https:\/\/blog-corbeil-essonnes.fr\/WordPress3\/wp-json\/wp\/v2\/posts\/5655"}],"collection":[{"href":"https:\/\/blog-corbeil-essonnes.fr\/WordPress3\/wp-json\/wp\/v2\/posts"}],"about":[{"href":"https:\/\/blog-corbeil-essonnes.fr\/WordPress3\/wp-json\/wp\/v2\/types\/post"}],"author":[{"embeddable":true,"href":"https:\/\/blog-corbeil-essonnes.fr\/WordPress3\/wp-json\/wp\/v2\/users\/2"}],"replies":[{"embeddable":true,"href":"https:\/\/blog-corbeil-essonnes.fr\/WordPress3\/wp-json\/wp\/v2\/comments?post=5655"}],"version-history":[{"count":0,"href":"https:\/\/blog-corbeil-essonnes.fr\/WordPress3\/wp-json\/wp\/v2\/posts\/5655\/revisions"}],"wp:attachment":[{"href":"https:\/\/blog-corbeil-essonnes.fr\/WordPress3\/wp-json\/wp\/v2\/media?parent=5655"}],"wp:term":[{"taxonomy":"category","embeddable":true,"href":"https:\/\/blog-corbeil-essonnes.fr\/WordPress3\/wp-json\/wp\/v2\/categories?post=5655"},{"taxonomy":"post_tag","embeddable":true,"href":"https:\/\/blog-corbeil-essonnes.fr\/WordPress3\/wp-json\/wp\/v2\/tags?post=5655"}],"curies":[{"name":"wp","href":"https:\/\/api.w.org\/{rel}","templated":true}]}}