{"id":8043,"date":"2011-04-04T09:50:29","date_gmt":"2011-04-04T09:50:29","guid":{"rendered":"http:\/\/blog-corbeil-essonnes.fr\/WordPress3\/?p=8043"},"modified":"2014-09-29T15:40:50","modified_gmt":"2014-09-29T14:40:50","slug":"8043","status":"publish","type":"post","link":"https:\/\/blog-corbeil-essonnes.fr\/WordPress3\/2011\/04\/04\/8043\/","title":{"rendered":"De G\u00e9n\u00e9ration Citoyenne au Front de Gauche"},"content":{"rendered":"<p style=\"text-align: justify;\">Un regard sur les dix derni\u00e8res ann\u00e9es politiques dans notre ville \u00a0et le constat du taux d&rsquo;abstention des cantonales sur Corbeil-Ouest m&rsquo;ont donn\u00e9 envie ce matin de parler de l&rsquo;engagement citoyen dans Corbeil-Essonnes.<!--more--><\/p>\n<p style=\"text-align: justify;\">Revenons donc \u00e0 la cr\u00e9ation de l&rsquo;association <a href=\"http:\/\/generationcitoyenne.unblog.fr\/\">G\u00e9n\u00e9ration citoyenne<\/a> en 2001. Cette association\u00a0na\u00eet\u00a0deux mois apr\u00e8s \u00a0une d\u00e9faite de la gauche au premier tour des \u00e9lections municipales, sur l&rsquo;envie de faire\u00a0participer plus fortement, le citoyen non encart\u00e9 dans\u00a0\u00a0un parti politique traditionnel, \u00e0 la vie\u00a0politique.<\/p>\n<p style=\"text-align: justify;\">L&rsquo;envie de d\u00e9battre, d&rsquo;informer, d\u2019\u00eatre\u00a0au plus pr\u00e8s de la population anime alors\u00a0l\u2019association dont le r\u00f4le dans le \u00a0dessin de la carte politique de la ville va devenir non n\u00e9gligeable. En 2004, c&rsquo;est avec l&rsquo;aide entre autres de G\u00e9n\u00e9ration citoyenne que Bruno Piriou est r\u00e9\u00e9lu conseiller g\u00e9n\u00e9ral avec pr\u00e8s de 65% des suffrages et un taux de\u00a0participation\u00a0de 65% lui aussi.<\/p>\n<p style=\"text-align: justify;\">En 2006, le Parti Communiste, les Verts et G\u00e9n\u00e9ration citoyenne d\u00e9cident de cr\u00e9er une\u00a0association\u00a0les regroupant pour les \u00e9lections municipales de 2008. De ce travail\u00a0na\u00eet\u00a0la Ville Ensemble. On voit\u00a0d\u00e9j\u00e0\u00a0au d\u00e9part que l&rsquo;objectif de ces deux\u00a0associations\u00a0diverge. Si la premi\u00e8re se veut un moyen de porter une parole, de\u00a0proposer des projets, le but de la seconde est l&rsquo;\u00e9lection\u00a0municipale. La Ville Ensemble va donc dans ce cadre organiser des forums des d\u00e9bats, mais dans le but de pr\u00e9parer ou plut\u00f4t d&rsquo;affiner un programme. Deux fa\u00e7ons pour le citoyen de participer \u00e0 la vie politique.<\/p>\n<p style=\"text-align: justify;\">Fin 2008, apr\u00e8s la d\u00e9faite, les Verts quittent La VilleEnsemble qui a leurs yeux n&rsquo;a plus de raison d&rsquo;\u00eatre. G\u00e9n\u00e9ration citoyenne\u00a0dispara\u00eet et le <a href=\"http:\/\/www.lepartidegauche.fr\/\">Parti de Gauche<\/a> est cr\u00e9\u00e9. Tous ces faits bouleversent\u00a0 la vie politique Corbeil-Essonnoise .<\/p>\n<p style=\"text-align: justify;\">Aujourd&rsquo;hui, Le Parti de gauche avec le Parti Communiste et la Gauche unitaire est membre du <a href=\"http:\/\/www.frontdegauche.fr\/\">Front de Gauche<\/a>, rassemblement au sein duquel on trouve des groupes politiques, mais aussi des citoyens de gauche n&rsquo;appartenant pas \u00e0 un parti. On constate donc toujours cette volont\u00e9 de faire participer le plus grand nombre. Mais les exp\u00e9riences aidant, ont le fait au sein d&rsquo;un groupe clairement identifi\u00e9 \u00e0 Gauche, portant des valeurs localement mais aussi nationalement .<\/p>\n<p style=\"text-align: justify;\">J&rsquo;ai beaucoup appris de toutes ces exp\u00e9riences et j&rsquo;ai pu constater que certains imaginent que sous pr\u00e9texte qu&rsquo;ils sont citoyens non encart\u00e9s, cela suffit a leur faire faire de la politique autrement. Pour moi, faire de la politique autrement c&rsquo;est la faire pour et avec le peuple, en l&rsquo;\u00e9coutant mais avec des valeurs. Un exemple Robert Badinter s&rsquo;il avait uniquement \u00e9cout\u00e9 la population, sans l&rsquo;\u00e9clairer des ses propres valeurs n&rsquo;aurait pas aboli la peine de mort, aujourd&rsquo;hui pourtant, la m\u00eame population est en accord avec le choix fait par Monsieur Badinter .<\/p>\n<p style=\"text-align: justify;\">Donc, faire de la politique autrement c&rsquo;est \u00e9couter, mais aussi analyser, ce n&rsquo;est pas dire ce que les autres veulent entendre, mais comment en respectant les valeurs que l&rsquo;on porte enrichir les d\u00e9bats et trouver une solution aux probl\u00e8mes de vie des gens.<\/p>\n<p style=\"text-align: justify;\">C&rsquo;est ce que veut\u00a0faire\u00a0le Front de Gauche, \u00a0il ne cache pas ce qu&rsquo;il est, ni les id\u00e9es qu&rsquo;il d\u00e9fend. Il n&rsquo;est pas opportuniste et reste sur une ligne de gauche tr\u00e8s clair, mais il \u00e9coute cette population qui ne va plus voter, car toutes les solutions essay\u00e9es jusqu&rsquo;alors n&rsquo;ont pas \u00e9t\u00e9 \u00a0concluantes \u00e0 ces yeux. Pour autant, il ne tombe pas dans la d\u00e9magogie, laissant entendre que tous les groupes politiques de France pourraient s&rsquo;entendre et travailler ensemble. L\u00e0 aussi un exemple pour moi assez clair, la droite casse le service public, la gauche veut le\u00a0d\u00e9velopper\u00a0car il est garant de l&rsquo;\u00e9galit\u00e9\u00a0r\u00e9publicaine, comment ces deux vues oppos\u00e9es pourraient elles fonctionner ensemble ?<\/p>\n<p style=\"text-align: justify;\">S&rsquo;il est pour moi indispensable d&rsquo;ouvrir la politique aux \u00ab\u00a0citoyens non encart\u00e9s\u00a0\u00bb , il l&rsquo;est tout autant de respecter des valeurs dans ces choix. C&rsquo;est pourquoi je crois au Front de Gauche et au tout nouveau comit\u00e9 de Liaison Sud Francilien sur notre circonscription. Je vous donne son adresse web :\u00a0<a href=\"http:\/\/frontdegauche-sudfrancilien.20minutes-blogs.fr\/archive\/2011\/03\/10\/creation-du-bloc-fdg-sud-francilien.html\" target=\"_blank\">http:\/\/frontdegauche-sudfrancilien.20minutes-blogs.fr<\/a><\/p>\n<p>&nbsp;<\/p>\n","protected":false},"excerpt":{"rendered":"<p>Un regard sur les dix derni\u00e8res ann\u00e9es politiques dans notre ville \u00a0et le constat du taux d&rsquo;abstention des cantonales sur Corbeil-Ouest m&rsquo;ont donn\u00e9 envie ce &hellip; <\/p>\n","protected":false},"author":2,"featured_media":0,"comment_status":"open","ping_status":"open","sticky":false,"template":"","format":"standard","meta":{"jetpack_post_was_ever_published":false,"jetpack_publicize_message":"","jetpack_is_tweetstorm":false,"jetpack_publicize_feature_enabled":true,"jetpack_social_post_already_shared":false,"jetpack_social_options":{"image_generator_settings":{"template":"highway","enabled":false}}},"categories":[4370,4318,4330],"tags":[4371,4757,4774,4461,4765],"jetpack_publicize_connections":[],"jetpack_featured_media_url":"","jetpack_sharing_enabled":true,"_links":{"self":[{"href":"https:\/\/blog-corbeil-essonnes.fr\/WordPress3\/wp-json\/wp\/v2\/posts\/8043"}],"collection":[{"href":"https:\/\/blog-corbeil-essonnes.fr\/WordPress3\/wp-json\/wp\/v2\/posts"}],"about":[{"href":"https:\/\/blog-corbeil-essonnes.fr\/WordPress3\/wp-json\/wp\/v2\/types\/post"}],"author":[{"embeddable":true,"href":"https:\/\/blog-corbeil-essonnes.fr\/WordPress3\/wp-json\/wp\/v2\/users\/2"}],"replies":[{"embeddable":true,"href":"https:\/\/blog-corbeil-essonnes.fr\/WordPress3\/wp-json\/wp\/v2\/comments?post=8043"}],"version-history":[{"count":0,"href":"https:\/\/blog-corbeil-essonnes.fr\/WordPress3\/wp-json\/wp\/v2\/posts\/8043\/revisions"}],"wp:attachment":[{"href":"https:\/\/blog-corbeil-essonnes.fr\/WordPress3\/wp-json\/wp\/v2\/media?parent=8043"}],"wp:term":[{"taxonomy":"category","embeddable":true,"href":"https:\/\/blog-corbeil-essonnes.fr\/WordPress3\/wp-json\/wp\/v2\/categories?post=8043"},{"taxonomy":"post_tag","embeddable":true,"href":"https:\/\/blog-corbeil-essonnes.fr\/WordPress3\/wp-json\/wp\/v2\/tags?post=8043"}],"curies":[{"name":"wp","href":"https:\/\/api.w.org\/{rel}","templated":true}]}}