{"id":9799,"date":"2011-06-05T20:06:04","date_gmt":"2011-06-05T20:06:04","guid":{"rendered":"http:\/\/blog-corbeil-essonnes.fr\/WordPress3\/?p=9799"},"modified":"2011-06-08T15:50:50","modified_gmt":"2011-06-08T15:50:50","slug":"declaration-de-jean-luc-melenchon-suite-a-la-conference-nationale-du-pcf","status":"publish","type":"post","link":"https:\/\/blog-corbeil-essonnes.fr\/WordPress3\/2011\/06\/05\/declaration-de-jean-luc-melenchon-suite-a-la-conference-nationale-du-pcf\/","title":{"rendered":"D\u00e9claration de Jean-Luc M\u00e9lenchon suite \u00e0 la conf\u00e9rence nationale du PCF"},"content":{"rendered":"<p>D\u00e9claration de Jean-Luc M\u00e9lenchon, suite \u00e0 la conf\u00e9rence nationale du PCF, lors de laquelle 63,6 % des 800 d\u00e9l\u00e9gu\u00e9s communistes ont approuv\u00e9 la proposition de soutenir sa candidature pour le Front de Gauche \u00e0 l&rsquo;\u00e9lection pr\u00e9sidentielle.<br \/>\n<a href=\"http:\/\/www.dailymotion.com\/video\/xj4b19_conference-de-presse-jean-luc-melenchon-5-juin-2011_news\" target=\"_blank\">conference de presse Jean-Luc M\u00e9lenchon 5 juin&#8230;<\/a> <em>par <a href=\"http:\/\/www.dailymotion.com\/lepartidegauche\" target=\"_blank\">lepartidegauche<\/a><\/em><\/p>\n","protected":false},"excerpt":{"rendered":"<p>D\u00e9claration de Jean-Luc M\u00e9lenchon, suite \u00e0 la conf\u00e9rence nationale du PCF, lors de laquelle 63,6 % des 800 d\u00e9l\u00e9gu\u00e9s communistes ont approuv\u00e9 la proposition de &hellip; <\/p>\n","protected":false},"author":2,"featured_media":0,"comment_status":"open","ping_status":"open","sticky":false,"template":"","format":"standard","meta":{"jetpack_post_was_ever_published":false,"jetpack_publicize_message":"","jetpack_is_tweetstorm":false,"jetpack_publicize_feature_enabled":true,"jetpack_social_post_already_shared":false,"jetpack_social_options":{"image_generator_settings":{"template":"highway","enabled":false}}},"categories":[4330,4331,4337],"tags":[4766,4763,4393],"jetpack_publicize_connections":[],"jetpack_featured_media_url":"","jetpack_sharing_enabled":true,"_links":{"self":[{"href":"https:\/\/blog-corbeil-essonnes.fr\/WordPress3\/wp-json\/wp\/v2\/posts\/9799"}],"collection":[{"href":"https:\/\/blog-corbeil-essonnes.fr\/WordPress3\/wp-json\/wp\/v2\/posts"}],"about":[{"href":"https:\/\/blog-corbeil-essonnes.fr\/WordPress3\/wp-json\/wp\/v2\/types\/post"}],"author":[{"embeddable":true,"href":"https:\/\/blog-corbeil-essonnes.fr\/WordPress3\/wp-json\/wp\/v2\/users\/2"}],"replies":[{"embeddable":true,"href":"https:\/\/blog-corbeil-essonnes.fr\/WordPress3\/wp-json\/wp\/v2\/comments?post=9799"}],"version-history":[{"count":0,"href":"https:\/\/blog-corbeil-essonnes.fr\/WordPress3\/wp-json\/wp\/v2\/posts\/9799\/revisions"}],"wp:attachment":[{"href":"https:\/\/blog-corbeil-essonnes.fr\/WordPress3\/wp-json\/wp\/v2\/media?parent=9799"}],"wp:term":[{"taxonomy":"category","embeddable":true,"href":"https:\/\/blog-corbeil-essonnes.fr\/WordPress3\/wp-json\/wp\/v2\/categories?post=9799"},{"taxonomy":"post_tag","embeddable":true,"href":"https:\/\/blog-corbeil-essonnes.fr\/WordPress3\/wp-json\/wp\/v2\/tags?post=9799"}],"curies":[{"name":"wp","href":"https:\/\/api.w.org\/{rel}","templated":true}]}}