{"id":9903,"date":"2011-06-19T10:27:23","date_gmt":"2011-06-19T10:27:23","guid":{"rendered":"http:\/\/blog-corbeil-essonnes.fr\/WordPress3\/?p=9903"},"modified":"2011-06-20T09:52:47","modified_gmt":"2011-06-20T09:52:47","slug":"les-militants-du-pcf-ont-designes-jean-luc-melenchon","status":"publish","type":"post","link":"https:\/\/blog-corbeil-essonnes.fr\/WordPress3\/2011\/06\/19\/les-militants-du-pcf-ont-designes-jean-luc-melenchon\/","title":{"rendered":"Les militants du PCF ont d\u00e9sign\u00e9 Jean-Luc M\u00e9lenchon"},"content":{"rendered":"<p style=\"text-align: justify;\"><a rel=\"attachment wp-att-9918\" href=\"https:\/\/blog-corbeil-essonnes.fr\/WordPress3\/2011\/06\/19\/les-militants-du-pcf-ont-designes-jean-luc-melenchon\/affiche\/\"><img decoding=\"async\" loading=\"lazy\" class=\"alignleft size-medium wp-image-9918\" title=\"affiche\" src=\"https:\/\/i0.wp.com\/blog-corbeil-essonnes.fr\/WordPress3\/wp-content\/uploads\/2011\/06\/affiche-225x300.jpg?resize=225%2C300&#038;ssl=1\" alt=\"\" width=\"225\" height=\"300\" data-recalc-dims=\"1\" \/><\/a>Les militants du PCF votaient depuis jeudi, pour la d\u00e9signation du candidat qui selon eux devait repr\u00e9senter le front de gauche aux \u00e9lections pr\u00e9sidentielles de 2012. Apr\u00e8s Le parti de gauche, La gauche unitaire et la FASE, le parti communiste fran\u00e7ais vient lui aussi de d\u00e9signer Jean-Luc M\u00e9lenchon, ce dernier portera donc le programme du front de gauche en \u00e9tant le candidat de ce rassemblement.<\/p>\n<p style=\"text-align: justify;\">Nationalement le co-pr\u00e9sident du parti de gauche a obtenu\u00a0 pr\u00e8s de 60% des suffrages. Dans l&rsquo;Essonne son score est de 70,59% et \u00e0 Corbeil-essonnes il obtient 81,81% .<\/p>\n<p style=\"text-align: justify;\">Maintenant va venir le moment de lancer la campagne du front de gauche pour tous les militants.\u00a0 Premi\u00e8re \u00e9tape le 29 juin,\u00a0 Jean-Luc M\u00e9lenchon donne rendez-vous \u00e0 tous ceux qui le souhaitent place Stalingrad \u00e0 Paris pour le 1er meeting de campagne. Ce premier meeting se fera en plein air .<\/p>\n<p style=\"text-align: justify;\">Cette soir\u00e9e d\u00e9butera par un concert \u00e0 18h30, puis viendra le moment du meeting unitaire avec Pierre Laurent, Cl\u00e9mentine Autain, Christian Piquet, Martine Billard, Lucien Jallamion, Danielle Odono, repr\u00e9sentant leur organisation et bien s\u00fbr Jean-Luc M\u00e9lenchon. Alors venez nombreux Place Stalingrad, M\u00e9tro\u00a0Jaur\u00e8s.\u00a0 Comme le dit l&rsquo;invitation<strong> \u00a0\u00bb Place au Peuple\u00a0\u00bb<\/strong><\/p>\n<p style=\"text-align: justify;\"><strong><br \/>\n<\/strong><\/p>\n<p style=\"text-align: center;\"><strong>COMMUNIQUE DE PRESSE DU PARTI DE GAUCHE<\/strong><\/p>\n<p style=\"text-align: justify;\">Le Parti de gauche se r\u00e9jouit\u00a0 du vote clair des adh\u00e9rents communistes en faveur de la candidature de Jean-Luc M\u00e9lenchon. Le choix d\u00e9finitif formul\u00e9 ainsi par le PCF apr\u00e8s celui de la Gauche Unitaire, de la FASE et, naturellement, du Parti de Gauche, est\u00a0 enthousiasmant.\u00a0 Il\u00a0 existe dor\u00e9navant, \u00e0 gauche,\u00a0 une alternative unitaire et conqu\u00e9rante face \u00e0 Nicolas Sarkozy et Marine Le Pen.\u00a0 Un vote utile est possible, celui pour une r\u00e9volution citoyenne pacifique et d\u00e9mocratique qui mettent fin au r\u00e8gne de l\u2019oligarchie en France.<\/p>\n<p style=\"text-align: justify;\">Le Front de Gauche peut d\u00e9sormais se lancer dans la campagne pr\u00e9sidentielle et l\u00e9gislative fort de tous ses atouts. Il incarne l\u2019unit\u00e9 comme va le confirmer dans les jours \u00e0 venir son \u00e9largissement \u00e0 plusieurs mouvements politiques. Il est le seul \u00e0 appeler \u00e0 une implication populaire forte \u00e0 travers des assembl\u00e9es citoyennes. Il est le seul, enfin, \u00e0 porter l\u2019ambition de regrouper une majorit\u00e9 pour gouverner la France sur un programme de radicalit\u00e9 concr\u00e8te,\u00a0 sociale, \u00e9cologique et r\u00e9publicaine.<\/p>\n<p style=\"text-align: justify;\">Le Parti de Gauche est heureux aujourd\u2019hui car il s\u2019est cr\u00e9\u00e9 dans cet espoir et n\u2019a jamais eu de cesse\u00a0 d\u2019en faciliter l\u2019av\u00e8nement.\u00a0 Ses militants sont fiers que le candidat \u00e0 la Pr\u00e9sidentielle du Front de Gauche vienne de ses rangs.<\/p>\n<p style=\"text-align: justify;\">Mais ils savent d\u00e9sormais que Jean-Luc M\u00e9lenchon ne sera plus leur porte parole mais de celui du Front de Gauche tout entier. Pour eux et avec eux il parlera \u00e0 tous les citoyens pour qu\u2019ils fassent naitre la nouvelle R\u00e9publique du partage et de la planification \u00e9cologique.<\/p>\n<p style=\"text-align: justify;\">&nbsp;<\/p>\n","protected":false},"excerpt":{"rendered":"<p>Les militants du PCF votaient depuis jeudi, pour la d\u00e9signation du candidat qui selon eux devait repr\u00e9senter le front de gauche aux \u00e9lections pr\u00e9sidentielles de &hellip; <\/p>\n","protected":false},"author":2,"featured_media":0,"comment_status":"open","ping_status":"open","sticky":false,"template":"","format":"standard","meta":{"jetpack_post_was_ever_published":false,"jetpack_publicize_message":"","jetpack_is_tweetstorm":false,"jetpack_publicize_feature_enabled":true,"jetpack_social_post_already_shared":false,"jetpack_social_options":{"image_generator_settings":{"template":"highway","enabled":false}}},"categories":[4312,4329],"tags":[4766,4393],"jetpack_publicize_connections":[],"jetpack_featured_media_url":"","jetpack_sharing_enabled":true,"_links":{"self":[{"href":"https:\/\/blog-corbeil-essonnes.fr\/WordPress3\/wp-json\/wp\/v2\/posts\/9903"}],"collection":[{"href":"https:\/\/blog-corbeil-essonnes.fr\/WordPress3\/wp-json\/wp\/v2\/posts"}],"about":[{"href":"https:\/\/blog-corbeil-essonnes.fr\/WordPress3\/wp-json\/wp\/v2\/types\/post"}],"author":[{"embeddable":true,"href":"https:\/\/blog-corbeil-essonnes.fr\/WordPress3\/wp-json\/wp\/v2\/users\/2"}],"replies":[{"embeddable":true,"href":"https:\/\/blog-corbeil-essonnes.fr\/WordPress3\/wp-json\/wp\/v2\/comments?post=9903"}],"version-history":[{"count":0,"href":"https:\/\/blog-corbeil-essonnes.fr\/WordPress3\/wp-json\/wp\/v2\/posts\/9903\/revisions"}],"wp:attachment":[{"href":"https:\/\/blog-corbeil-essonnes.fr\/WordPress3\/wp-json\/wp\/v2\/media?parent=9903"}],"wp:term":[{"taxonomy":"category","embeddable":true,"href":"https:\/\/blog-corbeil-essonnes.fr\/WordPress3\/wp-json\/wp\/v2\/categories?post=9903"},{"taxonomy":"post_tag","embeddable":true,"href":"https:\/\/blog-corbeil-essonnes.fr\/WordPress3\/wp-json\/wp\/v2\/tags?post=9903"}],"curies":[{"name":"wp","href":"https:\/\/api.w.org\/{rel}","templated":true}]}}