{"id":9929,"date":"2011-06-22T12:39:53","date_gmt":"2011-06-22T12:39:53","guid":{"rendered":"http:\/\/blog-corbeil-essonnes.fr\/WordPress3\/?p=9929"},"modified":"2011-06-26T16:53:23","modified_gmt":"2011-06-26T16:53:23","slug":"ecoutes-dialogue-et-solidarite-pour-le-quartier-des-tarterets","status":"publish","type":"post","link":"https:\/\/blog-corbeil-essonnes.fr\/WordPress3\/2011\/06\/22\/ecoutes-dialogue-et-solidarite-pour-le-quartier-des-tarterets\/","title":{"rendered":"\u00c9coute, dialogue et solidarit\u00e9 pour le quartier des Tarter\u00eats"},"content":{"rendered":"<p style=\"text-align: justify;\"><a rel=\"attachment wp-att-9938\" href=\"https:\/\/blog-corbeil-essonnes.fr\/WordPress3\/2011\/06\/22\/ecoutes-dialogue-et-solidarite-pour-le-quartier-des-tarterets\/dsc01916_m\/\"><img decoding=\"async\" loading=\"lazy\" class=\"alignleft size-medium wp-image-9938\" title=\"DSC01916_m\" src=\"https:\/\/i0.wp.com\/blog-corbeil-essonnes.fr\/WordPress3\/wp-content\/uploads\/2011\/06\/DSC01916_m-300x224.jpg?resize=300%2C224&#038;ssl=1\" alt=\"\" width=\"300\" height=\"224\" data-recalc-dims=\"1\" \/><\/a>Hier soir, j&rsquo;ai assist\u00e9 \u00e0 la rencontre organis\u00e9e par Bruno Piriou, conseiller g\u00e9n\u00e9ral du canton de Corbeil-Essonnes Ouest Villab\u00e9, pour d\u00e9battre de la situation du quartier des Tarter\u00eats. \u00a0Pendant plus de deux heures, j&rsquo;ai \u00e9cout\u00e9 des habitants et des personnes travaillant dans ce quartier, exprimer leur ressenti face \u00e0 une violence qu&rsquo;ils ne supportent plus. Ils vivent une violence qui s&rsquo;ajoute \u00e0 la violence sociale qu&rsquo;ils subissent\u00a0d\u00e9j\u00e0.<\/p>\n<p style=\"text-align: justify;\">Le d\u00e9bat fut vraiment de qualit\u00e9 et parfois m\u00eame, sorti des limites du quartier. Une enseignante constate une d\u00e9t\u00e9rioration de la ville, y compris du centre ville, m\u00eame d&rsquo;ailleurs, elle nous dit ressentir une col\u00e8re qui monte nationalement.\u00a0Jos\u00e9 Kink\u00e9la \u00a0pr\u00e9sident\u00a0de l&rsquo;amicale des\u00a0locataires \u00a0insiste sur la responsabilit\u00e9 de Claude G\u00e9ant, ministre de l&rsquo;int\u00e9rieur, dont les propos sont ressentis comme une pression par la population du quartier.<\/p>\n<p style=\"text-align: justify;\">A plusieurs reprises ce sont les m\u00e9dias qui sont montr\u00e9s du doigt. Les participants regrettent la fa\u00e7on dont les faits divers sont mis en avant par ces derniers, bien plus pr\u00e9sents \u00a0que les \u00e9v\u00e8nements\u00a0positifs.\u00a0\u00a0Radya Soualhi de l&rsquo;amicale des locataires\u00a0affirme que les m\u00e9dias font cela de mani\u00e8re d\u00e9lib\u00e9r\u00e9e, en vue des \u00e9lections pr\u00e9sidentielles de l&rsquo;an prochain.<\/p>\n<p style=\"text-align: justify;\">Les mots utilis\u00e9s sont tr\u00e8s forts, la d\u00e9tresse extr\u00eamement pr\u00e9sente, plusieurs habitants parlent du nombre croissant de leurs voisins qui veulent quitter le quartier, eux m\u00eames y pensent, mais cela est v\u00e9cu avec douleur comme une obligation, parfois presque comme un \u00e9chec, pas du tout comme un choix. \u00a0Le sentiment de vivre en situation de guerre ressort des propos de parents, qui ont peur pour leurs enfants, physiquement mais aussi moralement. Un retour sur la kermesse ou la police avait lanc\u00e9 des grenades lacrymog\u00e8nes est fait, le sentiment d&rsquo;injustice vis a vis de ce fait est toujours tr\u00e8s pr\u00e9sent, les habitants appuient sur le fait que ce type d&rsquo;\u00e9v\u00e8nement marque l&rsquo;esprit des plus jeunes mais aussi des autres habitants et que cela donne une image de la police qui ne pousse pas au dialogue.<\/p>\n<p style=\"text-align: justify;\">Le dialogue a bien eu lieu hier soir, deux repr\u00e9sentants des forces de police \u00e9taient pr\u00e9sents et ont pu avoir un v\u00e9ritable \u00e9change avec la population. Les habitants souhaitant savoir si les d\u00e9linquants n&rsquo;\u00e9taient pas connus de leur service, et, si par cons\u00e9quent, d&rsquo;autres actions dans leur direction, moins effrayantes pour le reste des\u00a0habitants, ne seraient pas plus appropri\u00e9es . Il semble malheureusement, que de ce c\u00f4t\u00e9 il n&rsquo;y ait pas de solution.<\/p>\n<p style=\"text-align: justify;\">Ces habitants pourtant hier ne demandaient pas la lune, ils\u00a0souhaitaient\u00a0avoir le droit de vivre simplement normalement, pas avec la peur de l&rsquo;agression et sous la surveillance de cars de CRS, ce qui \u00e0 leur yeux ne r\u00e8gle pas le probl\u00e8me. Mais aussi, vivre dans un quartier propre, sans voiture cass\u00e9e qui\u00a0tra\u00eene, avec des jeux pour les enfants.<\/p>\n<p style=\"text-align: justify;\">Des r\u00e9flexions sont d&rsquo;ors et d\u00e9j\u00e0 sorties de cette r\u00e9union, comme la cr\u00e9ation d&rsquo;un club de pr\u00e9vention, r\u00e9fl\u00e9chir \u00e0 comment on peut mettre fin au relais\u00a0g\u00e9n\u00e9rationnelle\u00a0de la d\u00e9linquance, retisser des liens, ouvrir des lieux de dialogue, \u00eatre mieux entendu des institutions. L&rsquo;absence de\u00a0repr\u00e9sentant\u00a0de la majorit\u00e9 municipale a \u00e9t\u00e9 fortement regrett\u00e9e. Cette r\u00e9union fut vraiment positive.<\/p>\n<p style=\"text-align: justify;\">&nbsp;<\/p>\n<p>&nbsp;<\/p>\n<p>&nbsp;<\/p>\n","protected":false},"excerpt":{"rendered":"<p>Hier soir, j&rsquo;ai assist\u00e9 \u00e0 la rencontre organis\u00e9e par Bruno Piriou, conseiller g\u00e9n\u00e9ral du canton de Corbeil-Essonnes Ouest Villab\u00e9, pour d\u00e9battre de la situation du &hellip; <\/p>\n","protected":false},"author":2,"featured_media":0,"comment_status":"open","ping_status":"open","sticky":false,"template":"","format":"standard","meta":{"jetpack_post_was_ever_published":false,"jetpack_publicize_message":"","jetpack_is_tweetstorm":false,"jetpack_publicize_feature_enabled":true,"jetpack_social_post_already_shared":false,"jetpack_social_options":{"image_generator_settings":{"template":"highway","enabled":false}}},"categories":[4311,4370,4318],"tags":[4757,4361],"jetpack_publicize_connections":[],"jetpack_featured_media_url":"","jetpack_sharing_enabled":true,"_links":{"self":[{"href":"https:\/\/blog-corbeil-essonnes.fr\/WordPress3\/wp-json\/wp\/v2\/posts\/9929"}],"collection":[{"href":"https:\/\/blog-corbeil-essonnes.fr\/WordPress3\/wp-json\/wp\/v2\/posts"}],"about":[{"href":"https:\/\/blog-corbeil-essonnes.fr\/WordPress3\/wp-json\/wp\/v2\/types\/post"}],"author":[{"embeddable":true,"href":"https:\/\/blog-corbeil-essonnes.fr\/WordPress3\/wp-json\/wp\/v2\/users\/2"}],"replies":[{"embeddable":true,"href":"https:\/\/blog-corbeil-essonnes.fr\/WordPress3\/wp-json\/wp\/v2\/comments?post=9929"}],"version-history":[{"count":0,"href":"https:\/\/blog-corbeil-essonnes.fr\/WordPress3\/wp-json\/wp\/v2\/posts\/9929\/revisions"}],"wp:attachment":[{"href":"https:\/\/blog-corbeil-essonnes.fr\/WordPress3\/wp-json\/wp\/v2\/media?parent=9929"}],"wp:term":[{"taxonomy":"category","embeddable":true,"href":"https:\/\/blog-corbeil-essonnes.fr\/WordPress3\/wp-json\/wp\/v2\/categories?post=9929"},{"taxonomy":"post_tag","embeddable":true,"href":"https:\/\/blog-corbeil-essonnes.fr\/WordPress3\/wp-json\/wp\/v2\/tags?post=9929"}],"curies":[{"name":"wp","href":"https:\/\/api.w.org\/{rel}","templated":true}]}}